{"id":102,"date":"2020-03-15T19:13:47","date_gmt":"2020-03-15T19:13:47","guid":{"rendered":"http:\/\/de.fundacion-delfino.org\/?p=102"},"modified":"2020-03-15T19:13:47","modified_gmt":"2020-03-15T19:13:47","slug":"danke","status":"publish","type":"post","link":"https:\/\/de.fundacion-delfino.org\/?p=102","title":{"rendered":"Danke!"},"content":{"rendered":"\n<p>Nach erfolgreicher OP feiert Omar seinen 19. Geburtstag mit den ersten Schritten an der Gehhilfe und einem Wunschmittagessen mit seiner Mutter im Sanborns. Noch liegen viele Wochen intensiver Rehaarbeit vor ihm und uns, aber er ist \u00fcbergl\u00fccklich und sendet allen, die dies erm\u00f6glicht haben, einen dankbaren Gruss.<\/p>\n\n\n\n<figure class=\"wp-block-image size-large\"><img loading=\"lazy\" decoding=\"async\" width=\"768\" height=\"1024\" src=\"https:\/\/de.fundacion-delfino.org\/wp-content\/uploads\/2020\/02\/KJDI1218-768x1024.jpg\" alt=\"\" class=\"wp-image-103\" srcset=\"https:\/\/de.fundacion-delfino.org\/wp-content\/uploads\/2020\/02\/KJDI1218-768x1024.jpg 768w, https:\/\/de.fundacion-delfino.org\/wp-content\/uploads\/2020\/02\/KJDI1218-225x300.jpg 225w, https:\/\/de.fundacion-delfino.org\/wp-content\/uploads\/2020\/02\/KJDI1218-624x832.jpg 624w, https:\/\/de.fundacion-delfino.org\/wp-content\/uploads\/2020\/02\/KJDI1218.jpg 780w\" sizes=\"auto, (max-width: 768px) 100vw, 768px\" \/><figcaption>Omar, 15.02.2020<\/figcaption><\/figure>\n\n\n\n<p>Dank intensiver Rehabilitation ist Omar inzwischen in der Lage, mit einer leichteren, einseitigen Beinschiene und zwei Kr\u00fccken Gehversuche zu machen.<\/p>\n\n\n\n<figure class=\"wp-block-image size-large\"><img loading=\"lazy\" decoding=\"async\" width=\"768\" height=\"1024\" src=\"https:\/\/de.fundacion-delfino.org\/wp-content\/uploads\/2020\/03\/Enrique_Vieyra-768x1024.jpg\" alt=\"\" class=\"wp-image-106\" srcset=\"https:\/\/de.fundacion-delfino.org\/wp-content\/uploads\/2020\/03\/Enrique_Vieyra-768x1024.jpg 768w, https:\/\/de.fundacion-delfino.org\/wp-content\/uploads\/2020\/03\/Enrique_Vieyra-225x300.jpg 225w, https:\/\/de.fundacion-delfino.org\/wp-content\/uploads\/2020\/03\/Enrique_Vieyra-624x832.jpg 624w, https:\/\/de.fundacion-delfino.org\/wp-content\/uploads\/2020\/03\/Enrique_Vieyra.jpg 780w\" sizes=\"auto, (max-width: 768px) 100vw, 768px\" \/><\/figure>\n\n\n\n<p>Enrique Vieyra, unsere rechte Hand in dem Behindertenkrankenhaus von Tepexpan, \u00fcbergibt einen neuen Rollstuhl\u00a0 mit verl\u00e4ngerter und verstellbarer R\u00fcckenlehne an eine der Bewohnerinnen des angeschlossenen Altenpflegeheims<strong><em>.<\/em><\/strong><\/p>\n\n\n\n<figure class=\"wp-block-image size-large\"><img loading=\"lazy\" decoding=\"async\" width=\"1024\" height=\"768\" src=\"https:\/\/de.fundacion-delfino.org\/wp-content\/uploads\/2020\/03\/Rollstuhlparade-1024x768.jpg\" alt=\"\" class=\"wp-image-107\" srcset=\"https:\/\/de.fundacion-delfino.org\/wp-content\/uploads\/2020\/03\/Rollstuhlparade-1024x768.jpg 1024w, https:\/\/de.fundacion-delfino.org\/wp-content\/uploads\/2020\/03\/Rollstuhlparade-300x225.jpg 300w, https:\/\/de.fundacion-delfino.org\/wp-content\/uploads\/2020\/03\/Rollstuhlparade-768x576.jpg 768w, https:\/\/de.fundacion-delfino.org\/wp-content\/uploads\/2020\/03\/Rollstuhlparade-624x468.jpg 624w, https:\/\/de.fundacion-delfino.org\/wp-content\/uploads\/2020\/03\/Rollstuhlparade.jpg 1040w\" sizes=\"auto, (max-width: 1024px) 100vw, 1024px\" \/><\/figure>\n\n\n\n<p>Gl\u00fccklich mit den neuen, bequemeren Rollst\u00fchlen.<\/p>\n\n\n\n<p><\/p>\n","protected":false},"excerpt":{"rendered":"<p>Nach erfolgreicher OP feiert Omar seinen 19. Geburtstag mit den ersten Schritten an der Gehhilfe und einem Wunschmittagessen mit seiner Mutter im Sanborns. Noch liegen viele Wochen intensiver Rehaarbeit vor ihm und uns, aber er ist \u00fcbergl\u00fccklich und sendet allen, die dies erm\u00f6glicht haben, einen dankbaren Gruss. Dank intensiver Rehabilitation ist Omar inzwischen in der [&hellip;]<\/p>\n","protected":false},"author":1,"featured_media":0,"comment_status":"closed","ping_status":"closed","sticky":false,"template":"","format":"standard","meta":{"footnotes":""},"categories":[1],"tags":[16],"class_list":["post-102","post","type-post","status-publish","format-standard","hentry","category-allgemein","tag-rollstuehle"],"_links":{"self":[{"href":"https:\/\/de.fundacion-delfino.org\/index.php?rest_route=\/wp\/v2\/posts\/102","targetHints":{"allow":["GET"]}}],"collection":[{"href":"https:\/\/de.fundacion-delfino.org\/index.php?rest_route=\/wp\/v2\/posts"}],"about":[{"href":"https:\/\/de.fundacion-delfino.org\/index.php?rest_route=\/wp\/v2\/types\/post"}],"author":[{"embeddable":true,"href":"https:\/\/de.fundacion-delfino.org\/index.php?rest_route=\/wp\/v2\/users\/1"}],"replies":[{"embeddable":true,"href":"https:\/\/de.fundacion-delfino.org\/index.php?rest_route=%2Fwp%2Fv2%2Fcomments&post=102"}],"version-history":[{"count":2,"href":"https:\/\/de.fundacion-delfino.org\/index.php?rest_route=\/wp\/v2\/posts\/102\/revisions"}],"predecessor-version":[{"id":108,"href":"https:\/\/de.fundacion-delfino.org\/index.php?rest_route=\/wp\/v2\/posts\/102\/revisions\/108"}],"wp:attachment":[{"href":"https:\/\/de.fundacion-delfino.org\/index.php?rest_route=%2Fwp%2Fv2%2Fmedia&parent=102"}],"wp:term":[{"taxonomy":"category","embeddable":true,"href":"https:\/\/de.fundacion-delfino.org\/index.php?rest_route=%2Fwp%2Fv2%2Fcategories&post=102"},{"taxonomy":"post_tag","embeddable":true,"href":"https:\/\/de.fundacion-delfino.org\/index.php?rest_route=%2Fwp%2Fv2%2Ftags&post=102"}],"curies":[{"name":"wp","href":"https:\/\/api.w.org\/{rel}","templated":true}]}}