{"id":110,"date":"2021-04-18T13:04:02","date_gmt":"2021-04-18T13:04:02","guid":{"rendered":"http:\/\/de.fundacion-delfino.org\/?p=110"},"modified":"2021-04-18T13:04:02","modified_gmt":"2021-04-18T13:04:02","slug":"jahresbericht-2020","status":"publish","type":"post","link":"https:\/\/de.fundacion-delfino.org\/?p=110","title":{"rendered":"Jahresbericht 2020"},"content":{"rendered":"\n<p>Trotz der in Mexiko mit erschreckend hohen Zahlen grassierenden Pandemie und zeitweiligen Lockdowns liefen einige\nunserer Aktivit\u00e4ten in den gewohnten Bahnen ab, w\u00e4hrend in anderen Bereichen neue Bedarfsf\u00e4lle auftraten.\n<\/p>\n\n\n\n<p>Unter der ersten Kategorie ist das Heim f\u00fcr chronisch Kranke in Tepexpan zu erw\u00e4hnen, wo wir auch dieses Jahr wieder mit Rollst\u00fchlen (diesmal \u00fcberwiegend Spezialrollst\u00fchlen mit erh\u00f6hter und verstellbarer R\u00fcckenlehne) und sonstigen Hilfsmittteln und Reparatur der konventionellen Rollst\u00fchlen aushelfen konnten. Durch den Kontakt zu einer anderen Hilfsorganisation konnten wir daf\u00fcr sorgen, dass die inzwischen schrottreifen Badeliegen dort durch 3 neue (es fehlen noch 9) ersetzt wurden. Diese wurden allerdings mit so kleinen R\u00e4dern geliefert, dass bei den nicht optimalen Bodenverh\u00e4ltnissen die Stabilit\u00e4t der Liegen absolut gef\u00e4hrdet war und wir f\u00fcr eine Nachbesserung mit gr\u00f6sseren R\u00e4dern sorgen mussten. <\/p>\n\n\n\n<figure class=\"wp-block-image size-large\"><img loading=\"lazy\" decoding=\"async\" width=\"1024\" height=\"769\" src=\"https:\/\/de.fundacion-delfino.org\/wp-content\/uploads\/2021\/04\/Rollstuhl_konventionell-1024x769.jpg\" alt=\"\" class=\"wp-image-112\" srcset=\"https:\/\/de.fundacion-delfino.org\/wp-content\/uploads\/2021\/04\/Rollstuhl_konventionell-1024x769.jpg 1024w, https:\/\/de.fundacion-delfino.org\/wp-content\/uploads\/2021\/04\/Rollstuhl_konventionell-300x225.jpg 300w, https:\/\/de.fundacion-delfino.org\/wp-content\/uploads\/2021\/04\/Rollstuhl_konventionell-768x577.jpg 768w, https:\/\/de.fundacion-delfino.org\/wp-content\/uploads\/2021\/04\/Rollstuhl_konventionell-624x469.jpg 624w, https:\/\/de.fundacion-delfino.org\/wp-content\/uploads\/2021\/04\/Rollstuhl_konventionell.jpg 1335w\" sizes=\"auto, (max-width: 1024px) 100vw, 1024px\" \/><figcaption>Einer der neuen konventionellen Rollst\u00fchle f\u00fcr Tepexpan<\/figcaption><\/figure>\n\n\n\n<figure class=\"wp-block-image size-large\"><img loading=\"lazy\" decoding=\"async\" width=\"986\" height=\"574\" src=\"https:\/\/de.fundacion-delfino.org\/wp-content\/uploads\/2021\/04\/Rollstu\u0308hle.jpg\" alt=\"\" class=\"wp-image-113\" srcset=\"https:\/\/de.fundacion-delfino.org\/wp-content\/uploads\/2021\/04\/Rollstu\u0308hle.jpg 986w, https:\/\/de.fundacion-delfino.org\/wp-content\/uploads\/2021\/04\/Rollstu\u0308hle-300x175.jpg 300w, https:\/\/de.fundacion-delfino.org\/wp-content\/uploads\/2021\/04\/Rollstu\u0308hle-768x447.jpg 768w, https:\/\/de.fundacion-delfino.org\/wp-content\/uploads\/2021\/04\/Rollstu\u0308hle-624x363.jpg 624w\" sizes=\"auto, (max-width: 986px) 100vw, 986px\" \/><figcaption>Reparierte Rollst\u00fchle f\u00fcr unsere Sch\u00fctzlinge in Tepexpan<\/figcaption><\/figure>\n\n\n\n<p>Unsere Zusammenarbeit mit den Vinzentiner Schwestern setzten wir mit Geldspenden f\u00fcr den Kauf von Saatgut f\u00fcr den St\u00fctzpunkt in der entlegenen Bergregion der Tarahumara, aber auch mit einer finanziellen Unterst\u00fctzung f\u00fcr das Provinzialhaus in Mexiko-Stadt, fort. <\/p>\n\n\n\n<figure class=\"wp-block-image size-large\"><img loading=\"lazy\" decoding=\"async\" width=\"765\" height=\"1024\" src=\"https:\/\/de.fundacion-delfino.org\/wp-content\/uploads\/2021\/04\/Saastgutspende_Tomaten-765x1024.jpg\" alt=\"\" class=\"wp-image-114\" srcset=\"https:\/\/de.fundacion-delfino.org\/wp-content\/uploads\/2021\/04\/Saastgutspende_Tomaten-765x1024.jpg 765w, https:\/\/de.fundacion-delfino.org\/wp-content\/uploads\/2021\/04\/Saastgutspende_Tomaten-224x300.jpg 224w, https:\/\/de.fundacion-delfino.org\/wp-content\/uploads\/2021\/04\/Saastgutspende_Tomaten-768x1028.jpg 768w, https:\/\/de.fundacion-delfino.org\/wp-content\/uploads\/2021\/04\/Saastgutspende_Tomaten-624x835.jpg 624w, https:\/\/de.fundacion-delfino.org\/wp-content\/uploads\/2021\/04\/Saastgutspende_Tomaten.jpg 995w\" sizes=\"auto, (max-width: 765px) 100vw, 765px\" \/><figcaption> Ergebnisse unserer Saatgutspende f\u00fcr die Bauern in der Bergregion der Tarahumara <\/figcaption><\/figure>\n\n\n\n<figure class=\"wp-block-image size-large\"><img loading=\"lazy\" decoding=\"async\" width=\"767\" height=\"1024\" src=\"https:\/\/de.fundacion-delfino.org\/wp-content\/uploads\/2021\/04\/Saatgutspende_Kohl-767x1024.jpg\" alt=\"\" class=\"wp-image-115\" srcset=\"https:\/\/de.fundacion-delfino.org\/wp-content\/uploads\/2021\/04\/Saatgutspende_Kohl-767x1024.jpg 767w, https:\/\/de.fundacion-delfino.org\/wp-content\/uploads\/2021\/04\/Saatgutspende_Kohl-225x300.jpg 225w, https:\/\/de.fundacion-delfino.org\/wp-content\/uploads\/2021\/04\/Saatgutspende_Kohl-768x1025.jpg 768w, https:\/\/de.fundacion-delfino.org\/wp-content\/uploads\/2021\/04\/Saatgutspende_Kohl-624x833.jpg 624w, https:\/\/de.fundacion-delfino.org\/wp-content\/uploads\/2021\/04\/Saatgutspende_Kohl.jpg 998w\" sizes=\"auto, (max-width: 767px) 100vw, 767px\" \/><\/figure>\n\n\n\n<p>Unseren Sch\u00fctzling Omar traf die Pandemie insofern hart, als seit langem die Schulen in Mexiko geschlossen sind und auf Fernunterricht umgestellt wurde. Zwar leiht ihm die Schulleiterin daf\u00fcr sogar einen internetkommunikationsf\u00e4higen Laptop, doch fehlt ihm leider sehr der vorher so positive Kontakt zu den anderen Sch\u00fclern. Andererseits konnte er erfreulicherweise seine Bewegungstherapie mit jeweils zwei Sitzungen pro Woche ohne Unterbrechung fortf\u00fchren. Insgesamt betrachtet wird es aber durch die Pandemie doch eine Weile l\u00e4nger dauern als urspr\u00fcnglich gedacht, bis wir ihn in ein selbst\u00e4ndiges Arbeitsleben entlassen k\u00f6nnen. <\/p>\n\n\n\n<figure class=\"wp-block-image size-large\"><img loading=\"lazy\" decoding=\"async\" width=\"654\" height=\"1024\" src=\"https:\/\/de.fundacion-delfino.org\/wp-content\/uploads\/2021\/04\/Omar-654x1024.jpg\" alt=\"\" class=\"wp-image-116\" srcset=\"https:\/\/de.fundacion-delfino.org\/wp-content\/uploads\/2021\/04\/Omar-654x1024.jpg 654w, https:\/\/de.fundacion-delfino.org\/wp-content\/uploads\/2021\/04\/Omar-192x300.jpg 192w, https:\/\/de.fundacion-delfino.org\/wp-content\/uploads\/2021\/04\/Omar-768x1202.jpg 768w, https:\/\/de.fundacion-delfino.org\/wp-content\/uploads\/2021\/04\/Omar-624x977.jpg 624w, https:\/\/de.fundacion-delfino.org\/wp-content\/uploads\/2021\/04\/Omar.jpg 853w\" sizes=\"auto, (max-width: 654px) 100vw, 654px\" \/><figcaption>Omar Ende 2020<\/figcaption><\/figure>\n\n\n\n<p>Pandemiebedingte Massnahmen waren, neben der Unterst\u00fctzung der Vinzentinerinnen in Mexiko-Stadt, Finanzhilfe\nbeim Erwerb eines Sauerstofftanks f\u00fcr einen Kranken sowie der Einkauf von Mundschutzmasken f\u00fcr zwei Krankenh\u00e4user\nund f\u00fcr die Mitarbeiter der vorherigen \u00e4rztlichen Leiterin des Krankenheimes in Tepexpan.\n<\/p>\n\n\n\n<p>Voller Verzweiflung angesichts des totalen Stillstands auf dem Tourismussektor wandte sich die uns seit vielen Jahren\nbestens bekannte Weberfamilie aus Teotitl\u00e1n del Valle, Oaxaca, mit der Bitte um ein Darlehen an uns. Auf unseren\nVorschlag hin stellte die von uns mit einem kleinen Betrag gef\u00f6rderte Abiturientin der Familie sehr geschickt einen\nKatalog zusammen, den wir und viele unserer Freunde weiter verbreiteten und der dann doch zu diversen Auftr\u00e4gen\nf\u00fchrte.\n<\/p>\n\n\n\n<p>Soweit in grossen Z\u00fcgen unsere Aktivit\u00e4t im zu Ende gehenden Jahr. Was das Neue bringen wird, steht diesmal mehr denn je unter einem grossen Fragezeichen. <\/p>\n","protected":false},"excerpt":{"rendered":"<p>Trotz der in Mexiko mit erschreckend hohen Zahlen grassierenden Pandemie und zeitweiligen Lockdowns liefen einige unserer Aktivit\u00e4ten in den gewohnten Bahnen ab, w\u00e4hrend in anderen Bereichen neue Bedarfsf\u00e4lle auftraten. Unter der ersten Kategorie ist das Heim f\u00fcr chronisch Kranke in Tepexpan zu erw\u00e4hnen, wo wir auch dieses Jahr wieder mit Rollst\u00fchlen (diesmal \u00fcberwiegend Spezialrollst\u00fchlen mit [&hellip;]<\/p>\n","protected":false},"author":1,"featured_media":0,"comment_status":"closed","ping_status":"closed","sticky":false,"template":"","format":"standard","meta":{"footnotes":""},"categories":[1],"tags":[17,16,18,11],"class_list":["post-110","post","type-post","status-publish","format-standard","hentry","category-allgemein","tag-pandemie","tag-rollstuehle","tag-saatgut","tag-tepexpan"],"_links":{"self":[{"href":"https:\/\/de.fundacion-delfino.org\/index.php?rest_route=\/wp\/v2\/posts\/110","targetHints":{"allow":["GET"]}}],"collection":[{"href":"https:\/\/de.fundacion-delfino.org\/index.php?rest_route=\/wp\/v2\/posts"}],"about":[{"href":"https:\/\/de.fundacion-delfino.org\/index.php?rest_route=\/wp\/v2\/types\/post"}],"author":[{"embeddable":true,"href":"https:\/\/de.fundacion-delfino.org\/index.php?rest_route=\/wp\/v2\/users\/1"}],"replies":[{"embeddable":true,"href":"https:\/\/de.fundacion-delfino.org\/index.php?rest_route=%2Fwp%2Fv2%2Fcomments&post=110"}],"version-history":[{"count":2,"href":"https:\/\/de.fundacion-delfino.org\/index.php?rest_route=\/wp\/v2\/posts\/110\/revisions"}],"predecessor-version":[{"id":117,"href":"https:\/\/de.fundacion-delfino.org\/index.php?rest_route=\/wp\/v2\/posts\/110\/revisions\/117"}],"wp:attachment":[{"href":"https:\/\/de.fundacion-delfino.org\/index.php?rest_route=%2Fwp%2Fv2%2Fmedia&parent=110"}],"wp:term":[{"taxonomy":"category","embeddable":true,"href":"https:\/\/de.fundacion-delfino.org\/index.php?rest_route=%2Fwp%2Fv2%2Fcategories&post=110"},{"taxonomy":"post_tag","embeddable":true,"href":"https:\/\/de.fundacion-delfino.org\/index.php?rest_route=%2Fwp%2Fv2%2Ftags&post=110"}],"curies":[{"name":"wp","href":"https:\/\/api.w.org\/{rel}","templated":true}]}}