{"id":122,"date":"2024-02-09T09:45:14","date_gmt":"2024-02-09T09:45:14","guid":{"rendered":"https:\/\/de.fundacion-delfino.org\/?p=122"},"modified":"2024-02-09T09:45:14","modified_gmt":"2024-02-09T09:45:14","slug":"jahresbericht-2022","status":"publish","type":"post","link":"https:\/\/de.fundacion-delfino.org\/?p=122","title":{"rendered":"Jahresbericht 2022"},"content":{"rendered":"\n<p><strong>FUNDACION DELFINO DEL ANGEL MELO A.C. -JAHRESBERICHT 2022-<\/strong><\/p>\n\n\n\n<p>Obgleich das Jahr rundum erst einmal gar nicht vielversprechend aussah, f\u00fchrten ein paar <strong>unerwartete<\/strong>, gl\u00fcckliche Umst\u00e4nde dazu, dass sich, dank einiger gro\u03b2z\u00fcgiger Spenden, die Zukunft f\u00fcr mehrere unserer Sch\u00fctzlinge in viel freundlicherem Licht zeigt.<\/p>\n\n\n\n<p>Einer dieser gl\u00fccklichen Zuf\u00e4lle war, dass unsere Vorsitzende von einem fussamputierten Taxifahrer die Anschrift eines hervorragenden und \u00fcberaus hilfsbereiten Prothesenherstellers bekam. Dieser half gleich drei unserer Kunden. Der erste war Jos\u00e9 de Jes\u00fas, der im Industriegebiet von Toluca \u00fcberfallen und vor den Zug geworfen worden war, wodurch er beide Beine verlor. Er hat inzwischen beide Prothesen und ist in Rehabalitation im Behindertenheim und sehr gl\u00fccklich dar\u00fcber, dass er sich mit Gehhilfen selbst\u00e4ndig bewegen kann.<\/p>\n\n\n\n<figure class=\"wp-block-image size-full is-resized\"><a href=\"https:\/\/de.fundacion-delfino.org\/wp-content\/uploads\/2024\/02\/Jose_de_Jesus.jpg\"><img loading=\"lazy\" decoding=\"async\" src=\"https:\/\/de.fundacion-delfino.org\/wp-content\/uploads\/2024\/02\/Jose_de_Jesus.jpg\" alt=\"\" class=\"wp-image-127\" width=\"380\" height=\"665\" srcset=\"https:\/\/de.fundacion-delfino.org\/wp-content\/uploads\/2024\/02\/Jose_de_Jesus.jpg 507w, https:\/\/de.fundacion-delfino.org\/wp-content\/uploads\/2024\/02\/Jose_de_Jesus-171x300.jpg 171w\" sizes=\"auto, (max-width: 380px) 100vw, 380px\" \/><\/a><\/figure>\n\n\n\n<p>Die zweite ist Estefany, eine talentierte junge Studentin, die im Alter von 2 Jahren von einem Auto \u00fcberfahren worden war und sich seither, entsprechend ihres Wachstums, immer wieder mit neuen, m\u00f6glichst billigen Prothesen behelfen musste, w\u00e4hrend sie nunmehr eine neue, &#8222;mit optimalem Kniegelenk f\u00fcr ein junges M\u00e4dchen&#8220;, bekam, wie der Prothesenhersteller Eric sich ausdr\u00fcckte.<\/p>\n\n\n\n<figure class=\"wp-block-image size-full is-resized\"><a href=\"https:\/\/de.fundacion-delfino.org\/wp-content\/uploads\/2024\/02\/Estefany.jpg\"><img loading=\"lazy\" decoding=\"async\" src=\"https:\/\/de.fundacion-delfino.org\/wp-content\/uploads\/2024\/02\/Estefany.jpg\" alt=\"\" class=\"wp-image-128\" width=\"464\" height=\"656\" srcset=\"https:\/\/de.fundacion-delfino.org\/wp-content\/uploads\/2024\/02\/Estefany.jpg 619w, https:\/\/de.fundacion-delfino.org\/wp-content\/uploads\/2024\/02\/Estefany-212x300.jpg 212w\" sizes=\"auto, (max-width: 464px) 100vw, 464px\" \/><\/a><figcaption class=\"wp-element-caption\"><br>Estefany mit Prothese &#8211; rechts Eric Lemus, der die Prothese angepasst hat, links der Physiotherapeut Aldair, Ortoshalom &#8211;\u00a0<br>Estefany con pr\u00f3tesis &#8211; der. Eric Lemus, izq. Aldair, fisioterapeuta<\/figcaption><\/figure>\n\n\n\n<p>Aufgrund einer weiteren zuf\u00e4lligen Bekanntschaft unsererseits konnte sie sich erfolgreich f\u00fcr ein Stipendium bewerben, das die Stiftung einer der gr\u00f6\u03b2ten Banken Mexikos f\u00fcr Studierende mit Behinderung ausgeschrieben hatte und erhielt zudem noch ein Stellenangebot bei der Bank.<\/p>\n\n\n\n<p>Der dritte, Luis, lebt in einem kleinen Ort weitab in der Provinz, wo er sich seit langem mit seiner uralten Prothese qu\u00e4lte, die nunmehr durch eine tadellose neue ersetzt wurde.<\/p>\n\n\n\n<figure class=\"wp-block-image size-full is-resized\"><a href=\"https:\/\/de.fundacion-delfino.org\/wp-content\/uploads\/2024\/02\/Luis_torres.jpg\"><img loading=\"lazy\" decoding=\"async\" src=\"https:\/\/de.fundacion-delfino.org\/wp-content\/uploads\/2024\/02\/Luis_torres.jpg\" alt=\"\" class=\"wp-image-129\" width=\"492\" height=\"592\" srcset=\"https:\/\/de.fundacion-delfino.org\/wp-content\/uploads\/2024\/02\/Luis_torres.jpg 656w, https:\/\/de.fundacion-delfino.org\/wp-content\/uploads\/2024\/02\/Luis_torres-249x300.jpg 249w, https:\/\/de.fundacion-delfino.org\/wp-content\/uploads\/2024\/02\/Luis_torres-624x751.jpg 624w\" sizes=\"auto, (max-width: 492px) 100vw, 492px\" \/><\/a><\/figure>\n\n\n\n<p>Ein weiterer Beg\u00fcnstigter dieses Jahres ist der geh\u00f6rlos geborene zehnj\u00e4hrige Emilio, der bei der Anpassung des H\u00f6rger\u00e4tes voller Staunen zum ersten Mal erlebte, was H\u00f6ren bedeutet. Inzwischen geht er in eine Spezialschule und hat bereits gelernt, sich sprachlich viel besser auszudr\u00fccken.<\/p>\n\n\n\n<figure class=\"wp-block-image size-full is-resized\"><a href=\"https:\/\/de.fundacion-delfino.org\/wp-content\/uploads\/2024\/02\/Emilio.jpg\"><img loading=\"lazy\" decoding=\"async\" src=\"https:\/\/de.fundacion-delfino.org\/wp-content\/uploads\/2024\/02\/Emilio.jpg\" alt=\"\" class=\"wp-image-130\" width=\"417\" height=\"469\" srcset=\"https:\/\/de.fundacion-delfino.org\/wp-content\/uploads\/2024\/02\/Emilio.jpg 556w, https:\/\/de.fundacion-delfino.org\/wp-content\/uploads\/2024\/02\/Emilio-267x300.jpg 267w\" sizes=\"auto, (max-width: 417px) 100vw, 417px\" \/><\/a><\/figure>\n\n\n\n<p>Ein besonderes Gl\u00fccksjahr war 2022 f\u00fcr unseren Omar. Bereits Anfang des Jahres bekam er seinen 8 Jahre alten und schon sehr l\u00e4dierten Rollstuhl gegen einen neuen, von einer Freundin gespendeten, ausgetauscht. Nach all den Schwierigkeiten der Pandemiejahre bestand er erfolgreich die Sekundarschule, und wir zerbrachen uns den Kopf, in welchem Handwerk er trotz seiner durch die Krankheit verkr\u00fcmmten Finger Erfolg haben k\u00f6nnte. Da kam auch ihm die Ausschreibung der o.e. Bank zu Hilfe, die ihm ein dreij\u00e4hriges Teilstipendium f\u00fcr den Abschluss der Abiturstufe gew\u00e4hrte. Au\u03b2erdem nahm er im Juli an einem dreit\u00e4gigen Kurs f\u00fcr Rollstuhlfahrer teil. Es war eine sehr wertvolle Erfahrung f\u00fcr ihn, 72 Stunden mit Leuten zu verbringen, die genau wie er an den Rollstuhl gefesselt sind, und zudem zu lernen, dass man sich mit einem Sportrollstuhl doch recht wendig bewegen kann. Als Kr\u00f6nung des Ganzen bekam er dann auch noch einen solchen geschenkt. Seither macht er gro\u03b2e Fortschritte in Bezug auf seine Selbst\u00e4ndigkeit, obgleich die Schwierigkeiten in dieser Hinsicht hier viel gr\u00f6\u03b2er sind als in Europa. Immerhin f\u00e4hrt er jetzt schon selbst per Metrobus, dem einzigen barrierefreien Vehikel im gesamten \u00f6ffentlichen Verkehrssystem, zu seiner Physiotherapie und wir konnten Israel, der lange Zeit einen der am schwersten behinderten Patienten von Tepexpan betreut hatte, als v\u00e4terlichen Freund f\u00fcr ihn gewinnen, der ihn h\u00e4ufig bei seinen neuen Unternehmungen unterst\u00fctzt.<\/p>\n\n\n\n<figure class=\"wp-block-image size-full is-resized\"><a href=\"https:\/\/de.fundacion-delfino.org\/wp-content\/uploads\/2024\/02\/Omar.jpg\"><img loading=\"lazy\" decoding=\"async\" src=\"https:\/\/de.fundacion-delfino.org\/wp-content\/uploads\/2024\/02\/Omar.jpg\" alt=\"\" class=\"wp-image-131\" width=\"361\" height=\"607\" srcset=\"https:\/\/de.fundacion-delfino.org\/wp-content\/uploads\/2024\/02\/Omar.jpg 481w, https:\/\/de.fundacion-delfino.org\/wp-content\/uploads\/2024\/02\/Omar-178x300.jpg 178w\" sizes=\"auto, (max-width: 361px) 100vw, 361px\" \/><\/a><\/figure>\n\n\n\n<p>Nach diesem Sonderbericht \u00fcber unsere diesj\u00e4hrigen Gl\u00fcckspilze bleibt noch zu erw\u00e4hnen, dass wir unsere behinderten Freunde in Tepexpan nicht im Stich lassen (f\u00fcr sie haben wir einiges Material wie Ventile und Masken f\u00fcr die Sauerstoffger\u00e4te und Handschuhe besorgt), ebenso wenig wie die Vinzentiner-Schwestern und die kleine Spastikerin Judith. Diese ist mittlerweile 15 Jahre alt und brauchte dieses Jahr nicht nur einen neuen Spezialrollstuhl f\u00fcr ihre Gr\u00f6\u03b2e, sondern musste leider auch zweimal wegen Lungen- und Harnwegentz\u00fcndungen und schwerem Wundschorf ins Krankenhaus. Ihr hilft nach wie vor mit Medizinen, speziellen Wundpflastern und dem neuen Rollstuhl unsere treue anonyme Spenderin in den USA.<\/p>\n\n\n\n<div class=\"wp-block-columns is-layout-flex wp-container-core-columns-is-layout-9d6595d7 wp-block-columns-is-layout-flex\">\n<div class=\"wp-block-column is-layout-flow wp-block-column-is-layout-flow\" style=\"flex-basis:100%\">\n<figure class=\"wp-block-gallery has-nested-images columns-default is-cropped wp-block-gallery-1 is-layout-flex wp-block-gallery-is-layout-flex\">\n<figure class=\"wp-block-image size-large\"><a href=\"https:\/\/de.fundacion-delfino.org\/wp-content\/uploads\/2024\/02\/Judit.jpg\"><img loading=\"lazy\" decoding=\"async\" width=\"1024\" height=\"620\" data-id=\"126\" src=\"https:\/\/de.fundacion-delfino.org\/wp-content\/uploads\/2024\/02\/Judit-1024x620.jpg\" alt=\"\" class=\"wp-image-126\" srcset=\"https:\/\/de.fundacion-delfino.org\/wp-content\/uploads\/2024\/02\/Judit-1024x620.jpg 1024w, https:\/\/de.fundacion-delfino.org\/wp-content\/uploads\/2024\/02\/Judit-300x182.jpg 300w, https:\/\/de.fundacion-delfino.org\/wp-content\/uploads\/2024\/02\/Judit-768x465.jpg 768w, https:\/\/de.fundacion-delfino.org\/wp-content\/uploads\/2024\/02\/Judit-624x378.jpg 624w, https:\/\/de.fundacion-delfino.org\/wp-content\/uploads\/2024\/02\/Judit.jpg 1055w\" sizes=\"auto, (max-width: 1024px) 100vw, 1024px\" \/><\/a><\/figure>\n<\/figure>\n<\/div>\n<\/div>\n\n\n\n<p>Judiths zu klein gewordenen Rollstuhl bekam ein F\u00fcnfj\u00e4hriger, Andres, aus Michoacan, der in Mexiko-Stadt seine schweren Brandwunden behandelt bekam und bei den Vinzentinerinnen unterkam, die uns mit ihm in Verbindung setzten.<\/p>\n\n\n\n<figure class=\"wp-block-image size-full is-resized\"><a href=\"https:\/\/de.fundacion-delfino.org\/wp-content\/uploads\/2024\/02\/Andres.jpg\"><img loading=\"lazy\" decoding=\"async\" src=\"https:\/\/de.fundacion-delfino.org\/wp-content\/uploads\/2024\/02\/Andres.jpg\" alt=\"\" class=\"wp-image-132\" width=\"514\" height=\"617\" srcset=\"https:\/\/de.fundacion-delfino.org\/wp-content\/uploads\/2024\/02\/Andres.jpg 685w, https:\/\/de.fundacion-delfino.org\/wp-content\/uploads\/2024\/02\/Andres-250x300.jpg 250w, https:\/\/de.fundacion-delfino.org\/wp-content\/uploads\/2024\/02\/Andres-624x749.jpg 624w\" sizes=\"auto, (max-width: 514px) 100vw, 514px\" \/><\/a><\/figure>\n\n\n\n<p>Dank der Gro\u03b2z\u00fcgigkeit unserer Spender konnten wir auch noch Aquilino einen neuen E-Rollstuhl \u00fcbergeben, der noch ein paar Anpassungen ben\u00f6tigt, da Aquilino ihn nur mit dem Fussschalter starten kann.<\/p>\n\n\n\n<figure class=\"wp-block-image size-full is-resized\"><a href=\"https:\/\/de.fundacion-delfino.org\/wp-content\/uploads\/2024\/02\/Aquilino.jpg\"><img loading=\"lazy\" decoding=\"async\" src=\"https:\/\/de.fundacion-delfino.org\/wp-content\/uploads\/2024\/02\/Aquilino.jpg\" alt=\"\" class=\"wp-image-133\" width=\"384\" height=\"656\" srcset=\"https:\/\/de.fundacion-delfino.org\/wp-content\/uploads\/2024\/02\/Aquilino.jpg 512w, https:\/\/de.fundacion-delfino.org\/wp-content\/uploads\/2024\/02\/Aquilino-176x300.jpg 176w\" sizes=\"auto, (max-width: 384px) 100vw, 384px\" \/><\/a><\/figure>\n\n\n\n<p>Einigen Patienten in Tepexpan und Bewohnern entfernt liegender D\u00f6rfer konnten wir mit den von unserem Mitarbeiter Enrique restaurierten Standard-Rollst\u00fchlen helfen.<\/p>\n\n\n\n<figure class=\"wp-block-image size-large\"><a href=\"https:\/\/de.fundacion-delfino.org\/wp-content\/uploads\/2024\/02\/Gabriel_Sauerstoffkonzentrator.jpg\"><img loading=\"lazy\" decoding=\"async\" width=\"1024\" height=\"369\" src=\"https:\/\/de.fundacion-delfino.org\/wp-content\/uploads\/2024\/02\/Gabriel_Sauerstoffkonzentrator-1024x369.jpg\" alt=\"\" class=\"wp-image-134\" srcset=\"https:\/\/de.fundacion-delfino.org\/wp-content\/uploads\/2024\/02\/Gabriel_Sauerstoffkonzentrator-1024x369.jpg 1024w, https:\/\/de.fundacion-delfino.org\/wp-content\/uploads\/2024\/02\/Gabriel_Sauerstoffkonzentrator-300x108.jpg 300w, https:\/\/de.fundacion-delfino.org\/wp-content\/uploads\/2024\/02\/Gabriel_Sauerstoffkonzentrator-768x277.jpg 768w, https:\/\/de.fundacion-delfino.org\/wp-content\/uploads\/2024\/02\/Gabriel_Sauerstoffkonzentrator-1536x554.jpg 1536w, https:\/\/de.fundacion-delfino.org\/wp-content\/uploads\/2024\/02\/Gabriel_Sauerstoffkonzentrator-624x225.jpg 624w, https:\/\/de.fundacion-delfino.org\/wp-content\/uploads\/2024\/02\/Gabriel_Sauerstoffkonzentrator.jpg 1669w\" sizes=\"auto, (max-width: 1024px) 100vw, 1024px\" \/><\/a><\/figure>\n\n\n\n<p>Zu guter Letzt bleibt uns nur allen von Herzen zu danken, die uns mit ihrer Spende in die Lage versetzen, all dies zu machen.<\/p>\n","protected":false},"excerpt":{"rendered":"<p>FUNDACION DELFINO DEL ANGEL MELO A.C. -JAHRESBERICHT 2022- Obgleich das Jahr rundum erst einmal gar nicht vielversprechend aussah, f\u00fchrten ein paar unerwartete, gl\u00fcckliche Umst\u00e4nde dazu, dass sich, dank einiger gro\u03b2z\u00fcgiger Spenden, die Zukunft f\u00fcr mehrere unserer Sch\u00fctzlinge in viel freundlicherem Licht zeigt. Einer dieser gl\u00fccklichen Zuf\u00e4lle war, dass unsere Vorsitzende von einem fussamputierten Taxifahrer die [&hellip;]<\/p>\n","protected":false},"author":1,"featured_media":0,"comment_status":"closed","ping_status":"closed","sticky":false,"template":"","format":"standard","meta":{"footnotes":""},"categories":[1,2],"tags":[],"class_list":["post-122","post","type-post","status-publish","format-standard","hentry","category-allgemein","category-taetigkeitsberichte"],"_links":{"self":[{"href":"https:\/\/de.fundacion-delfino.org\/index.php?rest_route=\/wp\/v2\/posts\/122","targetHints":{"allow":["GET"]}}],"collection":[{"href":"https:\/\/de.fundacion-delfino.org\/index.php?rest_route=\/wp\/v2\/posts"}],"about":[{"href":"https:\/\/de.fundacion-delfino.org\/index.php?rest_route=\/wp\/v2\/types\/post"}],"author":[{"embeddable":true,"href":"https:\/\/de.fundacion-delfino.org\/index.php?rest_route=\/wp\/v2\/users\/1"}],"replies":[{"embeddable":true,"href":"https:\/\/de.fundacion-delfino.org\/index.php?rest_route=%2Fwp%2Fv2%2Fcomments&post=122"}],"version-history":[{"count":2,"href":"https:\/\/de.fundacion-delfino.org\/index.php?rest_route=\/wp\/v2\/posts\/122\/revisions"}],"predecessor-version":[{"id":135,"href":"https:\/\/de.fundacion-delfino.org\/index.php?rest_route=\/wp\/v2\/posts\/122\/revisions\/135"}],"wp:attachment":[{"href":"https:\/\/de.fundacion-delfino.org\/index.php?rest_route=%2Fwp%2Fv2%2Fmedia&parent=122"}],"wp:term":[{"taxonomy":"category","embeddable":true,"href":"https:\/\/de.fundacion-delfino.org\/index.php?rest_route=%2Fwp%2Fv2%2Fcategories&post=122"},{"taxonomy":"post_tag","embeddable":true,"href":"https:\/\/de.fundacion-delfino.org\/index.php?rest_route=%2Fwp%2Fv2%2Ftags&post=122"}],"curies":[{"name":"wp","href":"https:\/\/api.w.org\/{rel}","templated":true}]}}