{"id":136,"date":"2024-02-09T09:50:39","date_gmt":"2024-02-09T09:50:39","guid":{"rendered":"https:\/\/de.fundacion-delfino.org\/?p=136"},"modified":"2024-02-09T09:50:39","modified_gmt":"2024-02-09T09:50:39","slug":"danke-fuer-2023","status":"publish","type":"post","link":"https:\/\/de.fundacion-delfino.org\/?p=136","title":{"rendered":"Danke f\u00fcr 2023!"},"content":{"rendered":"\n<p>Weihnachten 2023<br>Liebe Freundinnen und Freunde unserer kleinen Fundaci\u00f3n,<br>wieder einmal n\u00e4hert sich ein Jahresende und damit der Zeitpunkt f\u00fcr R\u00fcckblick, Dank und Rechenschaft.<\/p>\n\n\n\n<p>Der R\u00fcckblick beginnt leider mit einem traurigen Abschied: Am 29.Oktober verstarb unsere getreue und bis zuletzt unerm\u00fcdlich engagierte Hannelore H\u00fcbner, der wir in Trauer und gro\u03b2er Dankbarkeit gedenken. Der Verkauf der von den Mazahuafrauen bestickten T-Shirts war ihr \u00fcber Jahrzehnte eine Herzensaufgabe und hat den Frauen in dem entlegenen Dorf geholfen, so manche Notlage zu bew\u00e4ltigen, und au\u03b2erdem hat sie auch unserem Budget immer wieder wertvolle Mittel zugef\u00fchrt.<\/p>\n\n\n\n<p>Auf den ersten Eindruck f\u00e4llt ansonsten unser R\u00fcckblick auf das Jahr 2023 wenig spektakul\u00e4r aus, denn es war in erster Linie ein Jahr der Routine- und Nacharbeit. Routine in der Betreuung unserer Sch\u00fctzlinge in Tepexpan, die leider aufgrund der korrupten Gewerkschaft und des st\u00e4ndigen Wechsels in der Leitung immer m\u00fchsamer wird; Routine auch in der immer wieder erforderlichen Reparatur oder Beschafffung von Rollst\u00fchlen und von Anticubitusmatrazen und \u2013Kissen, sowie Austausch von nicht mehr passenden Spezialrollst\u00fchlen bei unseren jugendlichen Patienten. Nacharbeit insbesondere zur Unterst\u00fctzung der physiotherapeutischen Betreuung unserer neuen Prothesenpatienten des Vorjahres und zur Begleitung der Einf\u00fchrung in die Klangwelt f\u00fcr den tauben kleinen Emilio, der im vergangenen Jahr dank eines Spezialh\u00f6rger\u00e4tes mit 9 Jahren zum erstenmal h\u00f6ren konnte und sich mittlerweile in der Schule recht gut macht.<\/p>\n\n\n\n<p>Nat\u00fcrlich galt auch in diesem Jahr wieder ein Teil unseres Einsatzes dem Langzeitprojekt \u201eOmar\u201c, das sich nun allm\u00e4hlich dem Ziel unserer Bem\u00fchungen n\u00e4hert. Aus dem hilflosen kleinen Jungen ist ein junger Mann geworden, der sich einerseits mit Hilfe des seit vorigem Jahr gew\u00e4hrten Stipendiums auf den zwar offiziell als \u201eHochschulreife\u201c bezeichneten Schulabschluss vorbereitet, der jedoch nicht mit einem deutschen Abitur vergleichbar ist, ihm aber einen besseren Start auf dem Arbeitsmarkt erm\u00f6glichen soll. Auch neben dem rein schulischen Aspekt hat er dazu immer noch eine Menge zu lernen, vom sorgf\u00e4ltigen Umgang mit Geld (das er als Kind und Heranwachsender nie wie andere seines Alters selbst in der Hand gehabt hat) bis zur selbst\u00e4ndigen Fortbewegung in dieser schwierigen Stadt, in welcher Barrierefreiheit mehr in der Theorie als in der Praxis existiert, und Rollstuhlfahrer in den meist \u00fcberf\u00fcllten \u00f6ffentlichen Verkehrsmitteln einen sehr schweren Stand haben.<\/p>\n\n\n\n<p>All diese kleinen und gr\u00f6\u03b2eren Aktivit\u00e4ten konnten wir auch dieses Jahr wieder mit Ihrer aller wertvollen Hilfe bew\u00e4ltigen, f\u00fcr die wir Ihnen, auch im Namen der von uns betreuten Menschen, von ganzem Herzen danken. Wir w\u00fcnschen Ihnen eine besinnliche, frohe Weihnachtszeit und viel Gesundheit und gl\u00fcckliche Stunden im Neuen Jahr.<\/p>\n\n\n\n<p>Mit herzlichen Gr\u00fc\u03b2en<\/p>\n\n\n\n<p><br>Ruth Mennel und Edda Webels-Wolf<\/p>\n\n\n\n<p>FUNDACI\u00d3N DELFINO DEL \u00c1NGEL MELO A.C.<br>Apdo. Postal <strong>12-035<\/strong>, 03020 M\u00e9xico, D.F. Tels: (0052 55) 55302980, 56619888, 55622479<br>Email: fundaciondelfino@hotmail.com www.fundacion-delfino.org<br>Bankverbindung in Deutschland: FUNDACI\u00d3N DELFINO DEL ANGEL MELO A.C. KREISSPARKASSE RAVENSBURG KTO.NR. 101097194 BLZ 65050110 BIC-\/SWIFT: SOLADES1RVB IBAN-Nr. DE47 6505 0110 0101 0971 94<\/p>\n","protected":false},"excerpt":{"rendered":"<p>Weihnachten 2023Liebe Freundinnen und Freunde unserer kleinen Fundaci\u00f3n,wieder einmal n\u00e4hert sich ein Jahresende und damit der Zeitpunkt f\u00fcr R\u00fcckblick, Dank und Rechenschaft. Der R\u00fcckblick beginnt leider mit einem traurigen Abschied: Am 29.Oktober verstarb unsere getreue und bis zuletzt unerm\u00fcdlich engagierte Hannelore H\u00fcbner, der wir in Trauer und gro\u03b2er Dankbarkeit gedenken. Der Verkauf der von den [&hellip;]<\/p>\n","protected":false},"author":1,"featured_media":0,"comment_status":"closed","ping_status":"closed","sticky":false,"template":"","format":"standard","meta":{"footnotes":""},"categories":[1],"tags":[],"class_list":["post-136","post","type-post","status-publish","format-standard","hentry","category-allgemein"],"_links":{"self":[{"href":"https:\/\/de.fundacion-delfino.org\/index.php?rest_route=\/wp\/v2\/posts\/136","targetHints":{"allow":["GET"]}}],"collection":[{"href":"https:\/\/de.fundacion-delfino.org\/index.php?rest_route=\/wp\/v2\/posts"}],"about":[{"href":"https:\/\/de.fundacion-delfino.org\/index.php?rest_route=\/wp\/v2\/types\/post"}],"author":[{"embeddable":true,"href":"https:\/\/de.fundacion-delfino.org\/index.php?rest_route=\/wp\/v2\/users\/1"}],"replies":[{"embeddable":true,"href":"https:\/\/de.fundacion-delfino.org\/index.php?rest_route=%2Fwp%2Fv2%2Fcomments&post=136"}],"version-history":[{"count":1,"href":"https:\/\/de.fundacion-delfino.org\/index.php?rest_route=\/wp\/v2\/posts\/136\/revisions"}],"predecessor-version":[{"id":137,"href":"https:\/\/de.fundacion-delfino.org\/index.php?rest_route=\/wp\/v2\/posts\/136\/revisions\/137"}],"wp:attachment":[{"href":"https:\/\/de.fundacion-delfino.org\/index.php?rest_route=%2Fwp%2Fv2%2Fmedia&parent=136"}],"wp:term":[{"taxonomy":"category","embeddable":true,"href":"https:\/\/de.fundacion-delfino.org\/index.php?rest_route=%2Fwp%2Fv2%2Fcategories&post=136"},{"taxonomy":"post_tag","embeddable":true,"href":"https:\/\/de.fundacion-delfino.org\/index.php?rest_route=%2Fwp%2Fv2%2Ftags&post=136"}],"curies":[{"name":"wp","href":"https:\/\/api.w.org\/{rel}","templated":true}]}}