{"id":24,"date":"2014-12-07T12:13:19","date_gmt":"2014-12-07T12:13:19","guid":{"rendered":"http:\/\/de.fundacion-delfino.org\/?p=24"},"modified":"2014-12-07T12:34:25","modified_gmt":"2014-12-07T12:34:25","slug":"halbjahresbericht-2012-1","status":"publish","type":"post","link":"https:\/\/de.fundacion-delfino.org\/?p=24","title":{"rendered":"Halbjahresbericht 2012\u20131"},"content":{"rendered":"<p><strong>Rehabiliationszentrum in Chiautla<\/strong><\/p>\n<p>Dieses von unseren \u00fcberaus engagierten und aktiven Freunden Ram\u00f3n Gonz\u00e1lez und Lilia Ponce (beide schwer k\u00f6rperbehindert) ins Leben gerufene Hilfswerk hat sich in den letzten Monaten erfolgreich entwickelt und ist zu einem neuen Schwerpunkt unserer Aktivit\u00e4ten geworden. So haben wir beispielsweise bei der Einrichtung des Zentrums den Einbau von Raumteilern und einer Rampe sowie die Elektroinstallation mit finanziert. Neben Spezialmatratzen gegen Wundliegen und ebensolchen Sitzkissen f\u00fcr Rollst\u00fchle konnten wir dann einen Patientenlifter \u00fcbergeben, der voriges Jahr von Sanit\u00e4tshaus Richter in Kist gespendete wurde, sowie ein motorisiertes Dreirad, das f\u00fcr Lilia Ponce mittlerweile ein wertvolles Arbeitsinstrument geworden ist. Ram\u00f3n Gonz\u00e1lez haben wir beim Erwerb eines Leichtrollstuhls unterst\u00fctzt, der es ihm erm\u00f6glicht, ohne Hilfe von Dritten sein Behindertenauto zu besteigen und zu verlassen, wodurch er eine \u2013 bei Behinderten in Mexiko leider seltene \u2013 Selbst\u00e4ndigkeit und Bewegungsfreiheit erlangt hat, die ganz wesentlich dem Reha-Projekt zugute kommt.<!--more--><\/p>\n<p>An laufenden Vorhaben in diesem Kontext w\u00e4re zu erw\u00e4hnen, dass wir uns derzeit um fachkundigen Rat und Unterst\u00fctzung bem\u00fchen, um ein schwer h\u00f6rgesch\u00e4digtes junges M\u00e4dchen mit einem H\u00f6rger\u00e4t auszustatten.<\/p>\n<p><strong>Behindertenwohnheim in Tepexpan<\/strong><\/p>\n<p>Hier haben, wie schon fr\u00fcher in \u00e4hnlichen F\u00e4llen, die voriges Jahr importierten Elektrorollst\u00fchle den gl\u00fccklichen Empf\u00e4ngern das unsch\u00e4tzbare Gef\u00fchl neuer Beweglichkeit und Lebensqualit\u00e4t vermittelt.<\/p>\n<p>Ein gravierender Ausgabeposten, der unser Budget sehr belastet hat, bestand in der General\u00fcberholung vieler der im Laufe der Jahre von uns eingef\u00fchrten, gebrauchten Elektrorollst\u00fchle, die wir ausserdem alle mit den haltbareren (aber auch entsprechend teureren) Gel-Batterien ausgestattet haben. Um sicher zu gehen, dass diese Ger\u00e4te pfleglich behandelt und nicht ohne unser Wissen weitergegeben werden, haben wir einen Nutzungsvertrag ausgearbeitet, den alle Benutzer unterschrieben haben. Daneben stellten auch hier die von uns bereitgestellten Spezialmatratzen und Sitzkissen eine erhebliche Erleichterung f\u00fcr die h\u00e4ufig von Schw\u00e4ren geplagten Patienten dar.<\/p>\n<p>Vor \u00fcber einem Jahr wurde die erwachsene Tochter eines der Heimbewohner \u00fcberfahren und schwerst verletzt und musste in der Zwischenzeit mehrfach operiert werden. U.a. bekam sie ein Bein amputiert, weshalb wir uns daf\u00fcr einsetzen, dass sie einen geeigneten Rollstuhl und eine Gehhilfe bekommt.<\/p>\n<p>Ausserdem bat uns ein junger Gehbehinderter, der am Behindertensport teilnehmen m\u00f6chte, um ein Darlehen zum Erwerb eines Sportrollstuhls. Wegen der Ebbe in unserer Kasse mussten wir ihn allerdings vorerst auf sp\u00e4ter mal vertr\u00f6sten.<\/p>\n<p><strong>San Antonio de las Huertas<\/strong><\/p>\n<p>In diesem Mazahua-Dorf k\u00f6nnen wir nach wie vor mit Freude und Erleichterung beobachten, wie positiv und voller Lebensfreude sich die junge Maricela S\u00e1nchez entwickelt, die vor 2 Jahren mit der Unterst\u00fctzung unseres Vereins eine Niere ihrer Mutter \u00fcbertragen bekam. Vor einigen Wochen beunruhigte uns die Nachricht, dass sie mit einer Harnleiterinfektion in das Krankenhaus der Sozialversicherung eingeliefert werden musste, aber dank der guten Zusammenarbeit des sie derzeit betreuenden Arztes von der mexikanischen Sozialversicherung mit dem Arzt, der die Transplantation vorgenommen hat und der nach wie vor seine damalige Patientin nicht aus den Augen l\u00e4sst, konnte dieses Problem gel\u00f6st werden.<\/p>\n<p>F\u00fcr die Familie von Maricela und einige andere Bewohner des Dorfes ist es uns gelungen, eine neue Einkommensquelle zu erschliessen. Wir konnten eine Gruppe hieran Interessierter mit einem ebenso erfolgreichen wie hilfsbereiten Pilzz\u00fcchter in Verbindung setzen, der ihnen kostenlos den entsprechenden fachlichen Unterricht und auch f\u00fcr die Zukunft alle erforderliche Beratung angeboten hat. Inzwischen wird mit unserer Unterst\u00fctzung ein fachm\u00e4nnisch angelegter Schuppen f\u00fcr die Pilzkulturen gebaut und die erste Ernte sah nicht nur gut aus, sondern war auch hervorragend im Geschmack. Dabei ist es eine besondere Freude, zu beobachten, mit welcher Begeisterung und Sorgfalt einer der \u00e4lteren Br\u00fcder von Maricela sich diesem f\u00fcr ihn vollkommen neuen Wissens- und T\u00e4tigkeitsgebiet widmet. Als n\u00e4chstes soll eine Zisterne mit entsprechendem Leitungssystem gebaut werden, um das Regenwasser nutzen zu k\u00f6nnen.<\/p>\n<hr \/>\n<p>Alle in diesen Berichten genannten Aktivit\u00e4ten w\u00e4ren ohne Ihre wertvolle finanzielle Unterst\u00fctzung nicht m\u00f6glich gewesen und so m\u00f6chten wir hier im Namen aller von uns Betreuten ein herzliches Dankesch\u00f6n sagen!<\/p>\n<p>Es gr\u00fc\u00dfen im Namen aller Mitglieder unseres Vereins<\/p>\n<p>Ruth Mennel\u00a0\u00a0\u00a0\u00a0\u00a0\u00a0\u00a0\u00a0 Edda Webels<br \/>\nVorsitzende\u00a0\u00a0\u00a0\u00a0\u00a0\u00a0\u00a0\u00a0 Schriftf\u00fchrerin<\/p>\n<p><a href=\"http:\/\/www.fundacion-delfino.org\/gallery2\/02.html\" target=\"_blank\">Bitte besuchen Sie unsere zweite Webgalerie &gt;&gt;<\/a><\/p>\n","protected":false},"excerpt":{"rendered":"<p>Rehabiliationszentrum in Chiautla Dieses von unseren \u00fcberaus engagierten und aktiven Freunden Ram\u00f3n Gonz\u00e1lez und Lilia Ponce (beide schwer k\u00f6rperbehindert) ins Leben gerufene Hilfswerk hat sich in den letzten Monaten erfolgreich entwickelt und ist zu einem neuen Schwerpunkt unserer Aktivit\u00e4ten geworden. So haben wir beispielsweise bei der Einrichtung des Zentrums den Einbau von Raumteilern und einer [&hellip;]<\/p>\n","protected":false},"author":1,"featured_media":0,"comment_status":"open","ping_status":"open","sticky":false,"template":"","format":"standard","meta":{"footnotes":""},"categories":[2],"tags":[],"class_list":["post-24","post","type-post","status-publish","format-standard","hentry","category-taetigkeitsberichte"],"_links":{"self":[{"href":"https:\/\/de.fundacion-delfino.org\/index.php?rest_route=\/wp\/v2\/posts\/24","targetHints":{"allow":["GET"]}}],"collection":[{"href":"https:\/\/de.fundacion-delfino.org\/index.php?rest_route=\/wp\/v2\/posts"}],"about":[{"href":"https:\/\/de.fundacion-delfino.org\/index.php?rest_route=\/wp\/v2\/types\/post"}],"author":[{"embeddable":true,"href":"https:\/\/de.fundacion-delfino.org\/index.php?rest_route=\/wp\/v2\/users\/1"}],"replies":[{"embeddable":true,"href":"https:\/\/de.fundacion-delfino.org\/index.php?rest_route=%2Fwp%2Fv2%2Fcomments&post=24"}],"version-history":[{"count":3,"href":"https:\/\/de.fundacion-delfino.org\/index.php?rest_route=\/wp\/v2\/posts\/24\/revisions"}],"predecessor-version":[{"id":40,"href":"https:\/\/de.fundacion-delfino.org\/index.php?rest_route=\/wp\/v2\/posts\/24\/revisions\/40"}],"wp:attachment":[{"href":"https:\/\/de.fundacion-delfino.org\/index.php?rest_route=%2Fwp%2Fv2%2Fmedia&parent=24"}],"wp:term":[{"taxonomy":"category","embeddable":true,"href":"https:\/\/de.fundacion-delfino.org\/index.php?rest_route=%2Fwp%2Fv2%2Fcategories&post=24"},{"taxonomy":"post_tag","embeddable":true,"href":"https:\/\/de.fundacion-delfino.org\/index.php?rest_route=%2Fwp%2Fv2%2Ftags&post=24"}],"curies":[{"name":"wp","href":"https:\/\/api.w.org\/{rel}","templated":true}]}}