{"id":34,"date":"2014-12-07T12:31:40","date_gmt":"2014-12-07T12:31:40","guid":{"rendered":"http:\/\/de.fundacion-delfino.org\/?p=34"},"modified":"2014-12-07T12:33:37","modified_gmt":"2014-12-07T12:33:37","slug":"halbjahresbericht-2014-1","status":"publish","type":"post","link":"https:\/\/de.fundacion-delfino.org\/?p=34","title":{"rendered":"Halbjahresbericht 2014-1"},"content":{"rendered":"<p>Schon wieder ist ein halbes Jahr verstrichen und damit\u00a0 ein Bericht \u00fcber unsere T\u00e4tigkeit w\u00e4hrend der ersten H\u00e4lfte dieses Jahres 2014 f\u00e4llig.<\/p>\n<p><a href=\"https:\/\/de.fundacion-delfino.org\/wp-content\/uploads\/2014\/12\/Gabriel.png\"><img loading=\"lazy\" decoding=\"async\" class=\"alignnone size-medium wp-image-35\" src=\"https:\/\/de.fundacion-delfino.org\/wp-content\/uploads\/2014\/12\/Gabriel-226x300.png\" alt=\"Gabriel\" width=\"226\" height=\"300\" srcset=\"https:\/\/de.fundacion-delfino.org\/wp-content\/uploads\/2014\/12\/Gabriel-226x300.png 226w, https:\/\/de.fundacion-delfino.org\/wp-content\/uploads\/2014\/12\/Gabriel.png 235w\" sizes=\"auto, (max-width: 226px) 100vw, 226px\" \/><\/a><\/p>\n<p>In erster Linie ging es w\u00e4hrend dieser Monate darum, verschiedenen Personen mit Behinderung den Zugang zu dringend ben\u00f6tigten Hilfsmitteln zu erm\u00f6glichen,\u00a0 sei es in Form von gespendeten Gegenst\u00e4nden bzw. unbefristeten Leihgaben\u00a0 oder durch \u00dcberbr\u00fcckungsfinanzierung.\u00a0 Auf diese Weise konnten wir nach\u00a0 Chiautla eine Gehhilfe liefern,\u00a0 sowie besonders schwer Behinderten\u00a0 in Tepexpan 3 Spezialrollst\u00fchle mit Liegem\u00f6glichkeit\u00a0 und\u00a0 Kopfst\u00fctze\u00a0 zur Verf\u00fcgung stellen und einen weiteren Rollstuhl\u00a0 dieser Art nach Chiautla bringen.\u00a0 Auf der anderen Seite konnten wir drei weiteren Gehbehinderten zu Leichtrollst\u00fchlen verhelfen, die der Techniker unseres Vertrauens zu ausserordentlich g\u00fcnstigen Konditionen in den USA\u00a0 beschaffen konnte. Es handelt sich dabei um Rollst\u00fchle , die den Benutzern gr\u00f6ssere Bewegungsfreiheit und Unabh\u00e4ngigkeit\u00a0 bieten,\u00a0 weil sie sie selbst zusammenbauen bzw. auseinandernehmen und verwahren k\u00f6nnen; einer der j\u00fcngeren Beg\u00fcnstigten m\u00f6chte damit auch an Behindertensport teilnehmen.\u00a0 Auch an Spezialmatratzen und -kissen gegen Wundliegen war wieder reichlich Bedarf und so sind inzwischen nicht nur alle aus Deutschland importierten Kubivent-Matratzen verteilt, sondern auch eine Anzahl weiterer, lokal erworbener\u00a0 bzw. reparierter.<!--more--><\/p>\n<p>Urspr\u00fcnglich waren mehrere Ausfl\u00fcge zu Museen oder arch\u00e4ologischen St\u00e4tten mit den Patienten von Tepexpan geplant, die jedoch leider\u00a0 wegen fehlender Transportm\u00f6glichkeit nicht stattfinden konnten.<\/p>\n<p>Unser besonderer Sch\u00fctzling, <em>Maricela S\u00e1nchez<\/em>,\u00a0 wird weiterhin von dem ausgezeichneten Hospital de Nutrici\u00f3n im Hinblick auf eine sp\u00e4tere, neue Nieren\u00fcbertragung betreut. So lange diese noch nicht erfolgen kann, muss Maricela jedoch weiterhin dreimal w\u00f6chentlich zur Dialyse in die fast zwei Autostunden entfernte Stadt Toluca sowie zu leider endlosen b\u00fcrokratischen Formalit\u00e4ten zu dem regional zust\u00e4ndigen Krankenhaus der Sozialversicherung\u00a0 in einer anderen\u00a0 Stadt.\u00a0 Beides verursacht Fahrtkosten, die\u00a0 eine \u00fcbergrosse Belastung f\u00fcr die Familie darstellen. Wir hatten deshalb zu Beginn des Jahres einen gr\u00f6sseren monatlichen Fahrtkostenzuschuss\u00a0 f\u00fcr die Familie S\u00e1nchez beschlossen, den wir jedoch leider ab Jahresmitte\u00a0 wieder drastisch\u00a0 reduzieren m\u00fcssen, weil eine solche regelm\u00e4ssige Ausgabe unser Budget\u00a0 aus dem Gleichgewicht zu bringen droht.<\/p>\n<p><a href=\"https:\/\/de.fundacion-delfino.org\/wp-content\/uploads\/2014\/12\/Maricela.png\"><img loading=\"lazy\" decoding=\"async\" class=\"alignnone size-medium wp-image-36\" src=\"https:\/\/de.fundacion-delfino.org\/wp-content\/uploads\/2014\/12\/Maricela-225x300.png\" alt=\"Maricela\" width=\"225\" height=\"300\" srcset=\"https:\/\/de.fundacion-delfino.org\/wp-content\/uploads\/2014\/12\/Maricela-225x300.png 225w, https:\/\/de.fundacion-delfino.org\/wp-content\/uploads\/2014\/12\/Maricela.png 231w\" sizes=\"auto, (max-width: 225px) 100vw, 225px\" \/><\/a><\/p>\n<p>Die erfreuliche Nachricht von Maricela ist, dass\u00a0 sie trotz ihrer prek\u00e4ren Gesundheit\u00a0 sowohl ihren Schulabschluss\u00a0 als auch die Aufnahmepr\u00fcfung\u00a0 f\u00fcr den Studiengang Psychologie an einer Universit\u00e4t des Bundesstaates Mexico geschafft hat.<\/p>\n<p>F\u00fcr einen weiteren Sch\u00fctzling aus dem Dorf San Antonio\u00a0 ging zu unserem grossen Bedauern eine\u00a0 wertvolle\u00a0 Etappe zu Ende. Omar, den wir vor 7 Jahren als praktisch bewegungs- und sprachunf\u00e4higes B\u00fcndel\u00a0 auf dem R\u00fccken seiner Mutter\u00a0 kennengelernt\u00a0 hatten, hat in dem Rehabilitationsheim der Vizentiner Nonnen, in dem wir ihn unterbringen konnten, k\u00f6rperlich wie geistig\u00a0 gewaltige Fortschritte gemacht.\u00a0 Er ist inzwischen ausgesprochen aufgeweckt und ein begeisterter Leser, hat trotz des anf\u00e4nglichen R\u00fcckstandes\u00a0 die 5. Klasse erfolgreich abgeschlossen und m\u00f6chte gerne weiter lernen.\u00a0 Leider kann er bei den Vizentinerinnen nicht mehr bleiben, weil er\u00a0 mit seinen fast 14 Jahren die Altersgrenze des Heims\u00a0 bei weitem \u00fcberschritten hat und deshalb seinen Platz f\u00fcr ein anderes bed\u00fcrftiges Kind r\u00e4umen muss. Er kann sich auf geraden Fl\u00e4chen\u00a0 mit seinem Rollstuhl sehr geschickt bewegen und ist auch imstande, mit Kr\u00fccken kurze Strecken zu gehen.\u00a0 Dies alles erlaubt ihm freilich noch lange nicht, die ca. 1 km lange Strecke\u00a0 \u00fcber holprige Erd- und Matschwege von der H\u00fctte seiner Familie zur Schule in seinem Dorf zur\u00fcckzulegen.\u00a0 Wir bem\u00fchen uns nun, Mittel und Wege zu finden, um ihm einerseits weitere Schulbildung\u00a0 sowie andererseits alle paar Wochen den Besuch bei der Reha\u00e4rztin zu erm\u00f6glichen, die ihn bisher betreut hat und bereit ist, ihn kostenlos weiter zu behandeln.\u00a0 Dies ist sehr wichtig, um zu vermeiden, dass die erzielten Fortschritte nicht verloren gehen, wirft aber erhebliche logistische Probleme auf.<\/p>\n<div id=\"attachment_37\" style=\"width: 230px\" class=\"wp-caption alignnone\"><a href=\"https:\/\/de.fundacion-delfino.org\/wp-content\/uploads\/2014\/12\/Omar.png\"><img loading=\"lazy\" decoding=\"async\" aria-describedby=\"caption-attachment-37\" class=\"size-medium wp-image-37\" src=\"https:\/\/de.fundacion-delfino.org\/wp-content\/uploads\/2014\/12\/Omar-220x300.png\" alt=\"Omar\" width=\"220\" height=\"300\" srcset=\"https:\/\/de.fundacion-delfino.org\/wp-content\/uploads\/2014\/12\/Omar-220x300.png 220w, https:\/\/de.fundacion-delfino.org\/wp-content\/uploads\/2014\/12\/Omar.png 233w\" sizes=\"auto, (max-width: 220px) 100vw, 220px\" \/><\/a><p id=\"caption-attachment-37\" class=\"wp-caption-text\">Omar<\/p><\/div>\n<p>Schliesslich sei noch erw\u00e4hnt, dass wir die Studentin Roc\u00edo weiterhin mit einem Zuschuss zu den Fahrtkosten und Studiengeb\u00fchren bei ihrer Krankenschwesternausbildung unterst\u00fctzen und sie selbst uns regelm\u00e4ssig\u00a0 \u00fcber ihre Fortchritte berichtet.<\/p>\n<p>Abschliessend m\u00f6chten wir uns herzlich bei unseren Freunden bedanken, deren Spenden\u00a0 unsere Arbeit erm\u00f6glichen und ihnen versichern, dass wir stets bem\u00fcht sind, ihr Vertrauen zu rechtfertigen und unsere bescheidenen Mittel mit gr\u00f6sster Sparsamkeit und Effizienz einzusetzen. Wir sind insbesondere stolz darauf, die Verwaltungskosten auf einem Minimalniveau zu halten, da wir alle anfallende Arbeit selbst ausf\u00fchren.<\/p>\n","protected":false},"excerpt":{"rendered":"<p>Schon wieder ist ein halbes Jahr verstrichen und damit\u00a0 ein Bericht \u00fcber unsere T\u00e4tigkeit w\u00e4hrend der ersten H\u00e4lfte dieses Jahres 2014 f\u00e4llig. In erster Linie ging es w\u00e4hrend dieser Monate darum, verschiedenen Personen mit Behinderung den Zugang zu dringend ben\u00f6tigten Hilfsmitteln zu erm\u00f6glichen,\u00a0 sei es in Form von gespendeten Gegenst\u00e4nden bzw. unbefristeten Leihgaben\u00a0 oder durch [&hellip;]<\/p>\n","protected":false},"author":1,"featured_media":0,"comment_status":"open","ping_status":"open","sticky":false,"template":"","format":"standard","meta":{"footnotes":""},"categories":[2],"tags":[],"class_list":["post-34","post","type-post","status-publish","format-standard","hentry","category-taetigkeitsberichte"],"_links":{"self":[{"href":"https:\/\/de.fundacion-delfino.org\/index.php?rest_route=\/wp\/v2\/posts\/34","targetHints":{"allow":["GET"]}}],"collection":[{"href":"https:\/\/de.fundacion-delfino.org\/index.php?rest_route=\/wp\/v2\/posts"}],"about":[{"href":"https:\/\/de.fundacion-delfino.org\/index.php?rest_route=\/wp\/v2\/types\/post"}],"author":[{"embeddable":true,"href":"https:\/\/de.fundacion-delfino.org\/index.php?rest_route=\/wp\/v2\/users\/1"}],"replies":[{"embeddable":true,"href":"https:\/\/de.fundacion-delfino.org\/index.php?rest_route=%2Fwp%2Fv2%2Fcomments&post=34"}],"version-history":[{"count":2,"href":"https:\/\/de.fundacion-delfino.org\/index.php?rest_route=\/wp\/v2\/posts\/34\/revisions"}],"predecessor-version":[{"id":39,"href":"https:\/\/de.fundacion-delfino.org\/index.php?rest_route=\/wp\/v2\/posts\/34\/revisions\/39"}],"wp:attachment":[{"href":"https:\/\/de.fundacion-delfino.org\/index.php?rest_route=%2Fwp%2Fv2%2Fmedia&parent=34"}],"wp:term":[{"taxonomy":"category","embeddable":true,"href":"https:\/\/de.fundacion-delfino.org\/index.php?rest_route=%2Fwp%2Fv2%2Fcategories&post=34"},{"taxonomy":"post_tag","embeddable":true,"href":"https:\/\/de.fundacion-delfino.org\/index.php?rest_route=%2Fwp%2Fv2%2Ftags&post=34"}],"curies":[{"name":"wp","href":"https:\/\/api.w.org\/{rel}","templated":true}]}}