{"id":84,"date":"2018-08-13T16:22:32","date_gmt":"2018-08-13T16:22:32","guid":{"rendered":"http:\/\/de.fundacion-delfino.org\/?p=84"},"modified":"2018-08-13T16:22:32","modified_gmt":"2018-08-13T16:22:32","slug":"jahresbericht-2017","status":"publish","type":"post","link":"https:\/\/de.fundacion-delfino.org\/?p=84","title":{"rendered":"Jahresbericht 2017"},"content":{"rendered":"<p>Das Jahr 2017 verlief bis \u00fcber die Jahresmitte hinaus sowohl wegen der nachhaltigen Schw\u00e4che unserer Finanzen als auch aufgrund gesundheitlicher und famili\u00e4rer Probleme in unserem kleinen Team in sehr schmalen Bahnen. In den ersten sieben Monaten beschr\u00e4nkten sich unsere Aktivit\u00e4ten auf kleine Hilfsma\u00dfnahmen (Medikamente, Spezialmatratzen und -sitzkissen f\u00fcr Tepexpan, Reparaturen der E-Rollst\u00fchle und Unterst\u00fctzung der Krankenschwestersch\u00fclerin Roc\u00edo, die ihre Ausbildung mit Auszeichnung beendet hat).<\/p>\n<p>Doch dann brachte uns der August die freudige \u00dcberraschung, dass uns eine [von unserem alten Bekannten und G\u00f6nner, Herrn K\u00fchner, vermittelte] gro\u00dfz\u00fcgige Spende der Pro-Interplast-Stiftung Seligenstadt in die Lage versetzte, in der zweiten Jahresh\u00e4lfte einer Reihe von Menschen wertvolle Hilfe zu leisten. In dem seit vielen Jahren von uns betreuten Krankenhaus von Tepexpan konnten wir u.a. verschiedene Behinderte mit dringend ben\u00f6tigten Medikamenten versorgen und einen Zuschuss zu einer H\u00fcftprothese, zu Zahnbehandlung und zu H\u00f6rger\u00e4ten f\u00fcr einen stark H\u00f6rgesch\u00e4digtem geben, neben Spezialmatratzen und -Sitzkissen gegen Wundliegen.<br \/>\nIm Rahmen unseres Projektes Corre Coyote konnten wir Fleecestoffe f\u00fcr w\u00e4rmende Winterkleidung neben diversem anderen Material in die entlegenen Tarahumara-Berge des mexikanischen Nordens schicken.<br \/>\nAusserdem besorgten wir mehrere manuelle Rollst\u00fchle, Toilettenst\u00fchle, Spezialmatratzen und eine H\u00f6rhilfe f\u00fcr verschiedene Antragsteller und unterst\u00fctzten eine indigene Frau aus dem Lacandonengebiet, die zur Behandlung ihrer Krankheit mehrmals im Jahr in die Hauptstadt kommen muss. Des weiteren konnten wir einem jungen Familienvater eine Beinprothese finanzieren.<\/p>\n<p>Von gr\u00f6sster Bedeutung aber war es, dass wir dank dieser Spende unserem besonderen Sch\u00fctzling Omar, dem gehbehinderten Jungen aus dem Mazahuadorf, den wir seit \u00fcber zehn Jahren betreuen, nicht nur neue Medikamente und Arztbesuche finanzieren und seine inzwischen nicht mehr passenden Beinschienen erneuern konnten. Unsere gr\u00f6sste Sorge war es seit Omars R\u00fcckkehr in sein Dorf gewesen, dass der lern- und lesebegierige Junge dort die Sekundarschule nicht besuchen konnte, weil der \u00fcberaus holprige Erdweg mit einem manuellen Rollstuhl absolut nicht zu befahren war. Nun aber konnten wir in einem kleinen Handwerksbetrieb, dessen Inhaber ein selbst gehbehinderter Ingenieur ist, einen ganz auf Omars Bed\u00fcrfnisse abgestellten, gel\u00e4ndeg\u00e4ngigen Elektrorollstuhl anfertigen lassen, der den Siebzehnj\u00e4hrigen in die Lage versetzen wird, sich freier zu bewegen und so hoffentlich auch noch seinen Schulabschluss nachzuholen.<\/p>\n<p>Einige unserer Freunde und G\u00f6nner haben uns Spenden f\u00fcr die Erdbebenopfer geschickt. Dieses Geld haben wir im Besonderen f\u00fcr Baumaterial in Morelos und f\u00fcr \u00e4rztliches Material im Krankenhaus Macedonio Benitez Fuentes in Juchit\u00e1n, Oaxaca, verwendet. Bis Januar 2018 war es unter Planen auf dem Fussballplatz untergebracht, jetzt konnten sie in ein Behelfskrankenhaus, einem ehemaligen Kulturzentrum, neben der Feuerwehrstation umziehen. Es fehlt an Vielem, angefangen von \u00c4rztekitteln \u00fcber sterile OP Kleidung zu Blutzuckerme\u00dfstreifen und Spezialmatratzen.<br \/>\nLeider gehen auch an uns die Jahre nicht spurlos vorbei, so dass wir in der letzten Zeit des \u00f6fteren etwas k\u00fcrzer treten mussten. Doch dieser Abschluss des Jahres 2017 hat uns einen beachtlichen Schub neuer Energie verpasst, f\u00fcr den wir allen freundlichen Spendern, auch im Namen der Beg\u00fcnstigten, von Herzen danken.<\/p>\n","protected":false},"excerpt":{"rendered":"<p>Das Jahr 2017 verlief bis \u00fcber die Jahresmitte hinaus sowohl wegen der nachhaltigen Schw\u00e4che unserer Finanzen als auch aufgrund gesundheitlicher und famili\u00e4rer Probleme in unserem kleinen Team in sehr schmalen Bahnen. In den ersten sieben Monaten beschr\u00e4nkten sich unsere Aktivit\u00e4ten auf kleine Hilfsma\u00dfnahmen (Medikamente, Spezialmatratzen und -sitzkissen f\u00fcr Tepexpan, Reparaturen der E-Rollst\u00fchle und Unterst\u00fctzung der [&hellip;]<\/p>\n","protected":false},"author":1,"featured_media":0,"comment_status":"open","ping_status":"open","sticky":false,"template":"","format":"standard","meta":{"footnotes":""},"categories":[2],"tags":[8,10,9,11],"class_list":["post-84","post","type-post","status-publish","format-standard","hentry","category-taetigkeitsberichte","tag-8","tag-elektrorollstuhl","tag-spezialmatrazen","tag-tepexpan"],"_links":{"self":[{"href":"https:\/\/de.fundacion-delfino.org\/index.php?rest_route=\/wp\/v2\/posts\/84","targetHints":{"allow":["GET"]}}],"collection":[{"href":"https:\/\/de.fundacion-delfino.org\/index.php?rest_route=\/wp\/v2\/posts"}],"about":[{"href":"https:\/\/de.fundacion-delfino.org\/index.php?rest_route=\/wp\/v2\/types\/post"}],"author":[{"embeddable":true,"href":"https:\/\/de.fundacion-delfino.org\/index.php?rest_route=\/wp\/v2\/users\/1"}],"replies":[{"embeddable":true,"href":"https:\/\/de.fundacion-delfino.org\/index.php?rest_route=%2Fwp%2Fv2%2Fcomments&post=84"}],"version-history":[{"count":1,"href":"https:\/\/de.fundacion-delfino.org\/index.php?rest_route=\/wp\/v2\/posts\/84\/revisions"}],"predecessor-version":[{"id":85,"href":"https:\/\/de.fundacion-delfino.org\/index.php?rest_route=\/wp\/v2\/posts\/84\/revisions\/85"}],"wp:attachment":[{"href":"https:\/\/de.fundacion-delfino.org\/index.php?rest_route=%2Fwp%2Fv2%2Fmedia&parent=84"}],"wp:term":[{"taxonomy":"category","embeddable":true,"href":"https:\/\/de.fundacion-delfino.org\/index.php?rest_route=%2Fwp%2Fv2%2Fcategories&post=84"},{"taxonomy":"post_tag","embeddable":true,"href":"https:\/\/de.fundacion-delfino.org\/index.php?rest_route=%2Fwp%2Fv2%2Ftags&post=84"}],"curies":[{"name":"wp","href":"https:\/\/api.w.org\/{rel}","templated":true}]}}