{"id":92,"date":"2019-12-29T13:49:15","date_gmt":"2019-12-29T13:49:15","guid":{"rendered":"http:\/\/de.fundacion-delfino.org\/?p=92"},"modified":"2019-12-29T13:49:15","modified_gmt":"2019-12-29T13:49:15","slug":"jahresbericht-2018","status":"publish","type":"post","link":"https:\/\/de.fundacion-delfino.org\/?p=92","title":{"rendered":"Jahresbericht 2018"},"content":{"rendered":"\n<p>Im vergangenen Jahr war der Umfang unserer T\u00e4tigkeit zwangsl\u00e4ufig durch Einschr\u00e4nkungen unserer personellen wie finanziellen Mittel vorgegeben und beschr\u00e4nkte sich \u00fcberwiegend auf Unterst\u00fctzungsma\u00dfnahmen im gesundheitlichen Bereich. <\/p>\n\n\n\n<p>Wie \u00fcblich, besuchten wir mehrmals unsere Freunde mit Behinderung in Tepexpan und \u00fcberbrachten Dekubitusspezialmatratzen und \u2013kissen sowie Medikamente und k\u00fcmmerten uns um die Reparatur einiger Rollst\u00fchle. Erfreulicherweise k\u00f6nnen wir uns mittlerweile in Tepexpan in vielen Dingen auf die effiziente Unterst\u00fctzung unseres freiwilligen Mitarbeiters Enrique Vieyra und seiner Frau Juanita verlassen.<\/p>\n\n\n\n<p>Auch San Antonio de las Huertas haben wir mehrfach besucht und betreuen dort weiterhin unseren inzwischen erwachsenen Sch\u00fctzling Omar, wobei uns leider die recht komplizierte Familie des \u00f6fteren Steine in den Weg legt. Au\u00dferdem unterst\u00fctzen wir eine durch Diabetes erblindete Frau, die dank einer besonderen Behandlung wenigstens wieder schemenhafte Schatten erkennen kann. <\/p>\n\n\n\n<p>Im Bergland der Sierra Tarahumara in Chihuahua arbeiten wir weiterhin mit den Vizentiner Schwestern in dem Projekt von Corre Coyote zusammen. F\u00fcr die bitterkalten Wintermonate haben wir warme Stoffe gekauft, aus denen Kinderkleidung hergestellt wurde; ansonsten wurde von unserer Unterst\u00fctzung Pulvermilch f\u00fcr die Kinder und Saatgut gekauft, was im vergangenen Jahr eine erfreulich gute Ernte erbrachte. <\/p>\n\n\n\n<p>Im S\u00fcden des Landes haben wir weiterhin das vom Erdbeben 2017 schwer besch\u00e4digte Krankenhaus in\nJuchit\u00e1n, Oaxaca unterst\u00fctzt.\n<\/p>\n\n\n\n<p>F\u00fcr ein kleines M\u00e4dchen mit Thyreoglossuszyste haben wir einen Zuschuss zu der erforderlichen Operation gew\u00e4hrt; ausserdem unterst\u00fctzen wir eine kleine Spastikerin beim Erwerb verschiedener Hilfsmittel und in der Finanzierung ihrer OP-Kosten. F\u00fcr einen behinderten kleinen Jungen haben wir einen geeigneten Rollstuhl in Auftrag gegeben, zu dessen Kosten die Familie nur einen kleinen Beitrag leisten muss. <\/p>\n\n\n\n<p>F\u00fcr einen unserer erwachsenen Sch\u00fctzlinge haben wir eine Rampe anfertigen lassen, mit der er samt Rollstuhl\ndas Auto seines hilfsbereiten Nachbarn errklimmen kann.\n<\/p>\n\n\n\n<p>Eine besondere Freude war es f\u00fcr uns, an der feierlichen Sitzung teilzunehmen, bei der die\nKrankenschwester-Studentin, die wir jahrelang mit einem Zuschuss zu Fahrtkosten und Studiengeb\u00fchren\nunterst\u00fctzt hatten, ihren akademischen Abschluss bescheinigt bekam.\n<\/p>\n","protected":false},"excerpt":{"rendered":"<p>Im vergangenen Jahr war der Umfang unserer T\u00e4tigkeit zwangsl\u00e4ufig durch Einschr\u00e4nkungen unserer personellen wie finanziellen Mittel vorgegeben und beschr\u00e4nkte sich \u00fcberwiegend auf Unterst\u00fctzungsma\u00dfnahmen im gesundheitlichen Bereich. Wie \u00fcblich, besuchten wir mehrmals unsere Freunde mit Behinderung in Tepexpan und \u00fcberbrachten Dekubitusspezialmatratzen und \u2013kissen sowie Medikamente und k\u00fcmmerten uns um die Reparatur einiger Rollst\u00fchle. Erfreulicherweise k\u00f6nnen wir [&hellip;]<\/p>\n","protected":false},"author":1,"featured_media":0,"comment_status":"closed","ping_status":"closed","sticky":false,"template":"","format":"standard","meta":{"footnotes":""},"categories":[1],"tags":[13,12,7,11],"class_list":["post-92","post","type-post","status-publish","format-standard","hentry","category-allgemein","tag-behinderung","tag-kinderkleidung","tag-rollstuhl","tag-tepexpan"],"_links":{"self":[{"href":"https:\/\/de.fundacion-delfino.org\/index.php?rest_route=\/wp\/v2\/posts\/92","targetHints":{"allow":["GET"]}}],"collection":[{"href":"https:\/\/de.fundacion-delfino.org\/index.php?rest_route=\/wp\/v2\/posts"}],"about":[{"href":"https:\/\/de.fundacion-delfino.org\/index.php?rest_route=\/wp\/v2\/types\/post"}],"author":[{"embeddable":true,"href":"https:\/\/de.fundacion-delfino.org\/index.php?rest_route=\/wp\/v2\/users\/1"}],"replies":[{"embeddable":true,"href":"https:\/\/de.fundacion-delfino.org\/index.php?rest_route=%2Fwp%2Fv2%2Fcomments&post=92"}],"version-history":[{"count":1,"href":"https:\/\/de.fundacion-delfino.org\/index.php?rest_route=\/wp\/v2\/posts\/92\/revisions"}],"predecessor-version":[{"id":93,"href":"https:\/\/de.fundacion-delfino.org\/index.php?rest_route=\/wp\/v2\/posts\/92\/revisions\/93"}],"wp:attachment":[{"href":"https:\/\/de.fundacion-delfino.org\/index.php?rest_route=%2Fwp%2Fv2%2Fmedia&parent=92"}],"wp:term":[{"taxonomy":"category","embeddable":true,"href":"https:\/\/de.fundacion-delfino.org\/index.php?rest_route=%2Fwp%2Fv2%2Fcategories&post=92"},{"taxonomy":"post_tag","embeddable":true,"href":"https:\/\/de.fundacion-delfino.org\/index.php?rest_route=%2Fwp%2Fv2%2Ftags&post=92"}],"curies":[{"name":"wp","href":"https:\/\/api.w.org\/{rel}","templated":true}]}}