{"id":94,"date":"2019-12-29T13:54:41","date_gmt":"2019-12-29T13:54:41","guid":{"rendered":"http:\/\/de.fundacion-delfino.org\/?p=94"},"modified":"2019-12-29T13:54:41","modified_gmt":"2019-12-29T13:54:41","slug":"jahresbericht-2019","status":"publish","type":"post","link":"https:\/\/de.fundacion-delfino.org\/?p=94","title":{"rendered":"Jahresbericht 2019"},"content":{"rendered":"\n<p>Wieder geht ein Jahr zu Ende und gibt damit Anlass zu einem R\u00fcckblick und Bericht.\u00a0Im Gro\u03b2en und Ganzen verlief das Jahr\u00a0 2019\u00a0 weitgehend in den gewohnten Bahnen, mit Besuchen in dem Hospital f\u00fcr chronisch Kranke in Tepexpan, mit der Organisation von Wartung und Reparatur von Rollst\u00fchlen, Beschaffung von Medikamenten, der Spende von Spezialmatratzen und Aquagel gegen Wundliegen sowie einer neuen Matratze f\u00fcr den Massagetisch. Einen Schwerpunkt bildet derzeit die Beschaffung von 10 Spezialrollst\u00fchlen mit verl\u00e4ngerter R\u00fcckenlehne, mit Gesamtkosten in der Gr\u00f6\u03b2enordnung von \u20ac 4000,-.<\/p>\n\n\n\n<p>Unseren Partnerinnen in den Bergen von Chihuahua, den Vinzentiner-Schwestern, die dort an entlegenen Orten die extrem arme eingeborene Bev\u00f6lkerung betreuen, halfen wir mit Sachspenden und Geldbetr\u00e4gen\u00a0 f\u00fcr Saatgut, Milchpulver und Vliesstoffen f\u00fcr Winterbekleidung f\u00fcr Kinder.\u00a0<\/p>\n\n\n\n<p>In Oaxaca unterst\u00fctzen wir eine \u00fcberdurchschnittlich begabte Sch\u00fclerin aus einem Weberdorf mit einem kleinen monatlichen Zuschuss zum Schulgeld.<\/p>\n\n\n\n<p>\u00a0Ein weiterer Zuschuss von uns erm\u00f6glichte einem jungen Mann, der durch einen Arbeitsunfall ein Bein verloren hat, die Anschaffung einer Prothese, mit der er auf dem Bau arbeiten und den Unterhalt f\u00fcr seine Familie verdienen kann.\u00a0<\/p>\n\n\n\n<p>Schlie\u03b2lich gibt es weiterhin unsere Aktivit\u00e4ten in dem Mazahua-Dorf San Antonio de las Huertas. Dort unterst\u00fctzen wir seit einiger Zeit eine durch Diabetes erblindete Frau, die dank einer Spezialbehandlung wenigstens noch Schatten wahrnehmen kann.&nbsp;<\/p>\n\n\n\n<p>Der Schwerpunkt dort ist jedoch unser seit 12 Jahren betreuter Sch\u00fctzling Omar, inzwischen ein trotz seiner Behinderung \u00fcberaus positiv eingestellter, lernbegieriger junger Mann, den wir aus recht unerfreulichen famil\u00e4ren Verh\u00e4ltnissen und der absoluten Chancenlosigkeit im Dorf befreien wollen, um ihm in der Stadt die M\u00f6glichkeit einer Ausbildung und eines menschenw\u00fcrdigen Lebens zu er\u00f6ffnen. Erster wichtiger Schritt in dieser Richtung war ein chirurgischer Eingriff, der die Versteifung seiner Gelenke verringerte und damit eine bessere Beweglichkeit erm\u00f6glicht. Unabdingbare Erg\u00e4nzung hierzu ist jedoch eine sehr lange und intensive Rehabilitation, die es ihm immerhin an seinem 19. Geburtstag erlaubte, erste kleine Schritte mit Beinschienen und Kr\u00fccken zu versuchen. Dieser Prozess, der es ihm am Ende erm\u00f6glichen soll, weitgehend auf den Rollstuhl zu verzichten, ist jedoch noch lange nicht zu Ende, obgleich er sehr diszipliniert und konsequent an sich arbeitet. Inzwischen haben wir auch eine \u2013 leider nicht ganz billige \u2013 Institution gefunden, an der er in komprimierter Form seinen Sekundarschulabschluss nachholen kann, so dass die Zukunftsaussichten f\u00fcr ihn wirkllich positiv sind.<\/p>\n\n\n\n<p>All unsere o.a. Aktivit\u00e4ten sind nur m\u00f6glich dank der Gro\u03b2z\u00fcgigkeit unserer Spender und Spenderinnen, denen wir von ganzem Herzen danken. Wir w\u00fcnschen Ihnen allen ein gutes Neues Jahr, reich an Gesundheit und erfreulichen Begebnissen und gr\u00fc\u03b2en, auch im Namen unserer Sch\u00fctzlinge, herzlich!<\/p>\n","protected":false},"excerpt":{"rendered":"<p>Wieder geht ein Jahr zu Ende und gibt damit Anlass zu einem R\u00fcckblick und Bericht.\u00a0Im Gro\u03b2en und Ganzen verlief das Jahr\u00a0 2019\u00a0 weitgehend in den gewohnten Bahnen, mit Besuchen in dem Hospital f\u00fcr chronisch Kranke in Tepexpan, mit der Organisation von Wartung und Reparatur von Rollst\u00fchlen, Beschaffung von Medikamenten, der Spende von Spezialmatratzen und Aquagel [&hellip;]<\/p>\n","protected":false},"author":1,"featured_media":0,"comment_status":"closed","ping_status":"closed","sticky":false,"template":"","format":"standard","meta":{"footnotes":""},"categories":[1],"tags":[13,14,15,11],"class_list":["post-94","post","type-post","status-publish","format-standard","hentry","category-allgemein","tag-behinderung","tag-prothese","tag-schulgeld","tag-tepexpan"],"_links":{"self":[{"href":"https:\/\/de.fundacion-delfino.org\/index.php?rest_route=\/wp\/v2\/posts\/94","targetHints":{"allow":["GET"]}}],"collection":[{"href":"https:\/\/de.fundacion-delfino.org\/index.php?rest_route=\/wp\/v2\/posts"}],"about":[{"href":"https:\/\/de.fundacion-delfino.org\/index.php?rest_route=\/wp\/v2\/types\/post"}],"author":[{"embeddable":true,"href":"https:\/\/de.fundacion-delfino.org\/index.php?rest_route=\/wp\/v2\/users\/1"}],"replies":[{"embeddable":true,"href":"https:\/\/de.fundacion-delfino.org\/index.php?rest_route=%2Fwp%2Fv2%2Fcomments&post=94"}],"version-history":[{"count":1,"href":"https:\/\/de.fundacion-delfino.org\/index.php?rest_route=\/wp\/v2\/posts\/94\/revisions"}],"predecessor-version":[{"id":95,"href":"https:\/\/de.fundacion-delfino.org\/index.php?rest_route=\/wp\/v2\/posts\/94\/revisions\/95"}],"wp:attachment":[{"href":"https:\/\/de.fundacion-delfino.org\/index.php?rest_route=%2Fwp%2Fv2%2Fmedia&parent=94"}],"wp:term":[{"taxonomy":"category","embeddable":true,"href":"https:\/\/de.fundacion-delfino.org\/index.php?rest_route=%2Fwp%2Fv2%2Fcategories&post=94"},{"taxonomy":"post_tag","embeddable":true,"href":"https:\/\/de.fundacion-delfino.org\/index.php?rest_route=%2Fwp%2Fv2%2Ftags&post=94"}],"curies":[{"name":"wp","href":"https:\/\/api.w.org\/{rel}","templated":true}]}}